{"id":392,"date":"2025-12-09T10:01:39","date_gmt":"2025-12-09T09:01:39","guid":{"rendered":"https:\/\/www.tyskpaavej.dk\/?p=392"},"modified":"2025-12-09T10:06:11","modified_gmt":"2025-12-09T09:06:11","slug":"demokratisalon-paa-toender-gymnasium","status":"publish","type":"post","link":"https:\/\/www.tyskpaavej.dk\/?p=392","title":{"rendered":"Demokratisalon p\u00e5 T\u00f8nder Gymnasium"},"content":{"rendered":"\n<p><\/p>\n\n\n\n<p>Den 14. november var der \u201dDemokratisalon\u201d p\u00e5 T\u00f8nder Gymnasium, hvor der ud over gymnasiets elever deltog elever fra vores partnerskole Friedrich-Paulsen-Schule i Nieb\u00fcll.<\/p>\n\n\n\n<p>De danske elever havde \u2013 sagt med deres egne ord \u2013 \u201dskaffet nogle unge, der engagerer sig i samfundet p\u00e5 forskellig vis til at lave en sp\u00e6ndende og medrivende debat. [\u2026] For at vi bedst muligt kan inkorporere jer vil vi stille omkring 6 til 7 sp\u00f8rgsm\u00e5l i form af et sp\u00f8rgeskema, derfor SKAL I tage jeres telefoner med! Vi laver afstemninger b\u00e5de i starten og slutningen for at se, om jeres meninger \u00e6ndrer sig.\u201d<\/p>\n\n\n\n<p>En vellykket dag sammen med vores g\u00e6ster fra Tyskland.<\/p>\n\n\n\n<figure class=\"wp-block-image size-large\"><img loading=\"lazy\" decoding=\"async\" width=\"1024\" height=\"768\" src=\"https:\/\/www.tyskpaavej.dk\/wp-content\/uploads\/2025\/12\/Toender-Gymnasium-Demo-1024x768.jpg\" alt=\"\" class=\"wp-image-393\" srcset=\"https:\/\/www.tyskpaavej.dk\/wp-content\/uploads\/2025\/12\/Toender-Gymnasium-Demo-1024x768.jpg 1024w, https:\/\/www.tyskpaavej.dk\/wp-content\/uploads\/2025\/12\/Toender-Gymnasium-Demo-300x225.jpg 300w, https:\/\/www.tyskpaavej.dk\/wp-content\/uploads\/2025\/12\/Toender-Gymnasium-Demo-768x576.jpg 768w, https:\/\/www.tyskpaavej.dk\/wp-content\/uploads\/2025\/12\/Toender-Gymnasium-Demo-1536x1152.jpg 1536w, https:\/\/www.tyskpaavej.dk\/wp-content\/uploads\/2025\/12\/Toender-Gymnasium-Demo.jpg 2048w\" sizes=\"auto, (max-width: 1024px) 100vw, 1024px\" \/><\/figure>\n","protected":false},"excerpt":{"rendered":"<p>Den 14. november var der \u201dDemokratisalon\u201d p\u00e5 T\u00f8nder Gymnasium, hvor der ud over gymnasiets elever deltog elever fra vores partnerskole Friedrich-Paulsen-Schule i Nieb\u00fcll. De danske elever havde \u2013 sagt med deres egne ord \u2013 \u201dskaffet nogle unge, der engagerer sig i samfundet p\u00e5 forskellig vis til at lave en sp\u00e6ndende og medrivende debat. [\u2026] For [&hellip;]<\/p>\n","protected":false},"author":2,"featured_media":0,"comment_status":"closed","ping_status":"open","sticky":false,"template":"","format":"standard","meta":{"footnotes":""},"categories":[4],"tags":[],"class_list":["post-392","post","type-post","status-publish","format-standard","hentry","category-nyheder"],"_links":{"self":[{"href":"https:\/\/www.tyskpaavej.dk\/index.php?rest_route=\/wp\/v2\/posts\/392","targetHints":{"allow":["GET"]}}],"collection":[{"href":"https:\/\/www.tyskpaavej.dk\/index.php?rest_route=\/wp\/v2\/posts"}],"about":[{"href":"https:\/\/www.tyskpaavej.dk\/index.php?rest_route=\/wp\/v2\/types\/post"}],"author":[{"embeddable":true,"href":"https:\/\/www.tyskpaavej.dk\/index.php?rest_route=\/wp\/v2\/users\/2"}],"replies":[{"embeddable":true,"href":"https:\/\/www.tyskpaavej.dk\/index.php?rest_route=%2Fwp%2Fv2%2Fcomments&post=392"}],"version-history":[{"count":1,"href":"https:\/\/www.tyskpaavej.dk\/index.php?rest_route=\/wp\/v2\/posts\/392\/revisions"}],"predecessor-version":[{"id":394,"href":"https:\/\/www.tyskpaavej.dk\/index.php?rest_route=\/wp\/v2\/posts\/392\/revisions\/394"}],"wp:attachment":[{"href":"https:\/\/www.tyskpaavej.dk\/index.php?rest_route=%2Fwp%2Fv2%2Fmedia&parent=392"}],"wp:term":[{"taxonomy":"category","embeddable":true,"href":"https:\/\/www.tyskpaavej.dk\/index.php?rest_route=%2Fwp%2Fv2%2Fcategories&post=392"},{"taxonomy":"post_tag","embeddable":true,"href":"https:\/\/www.tyskpaavej.dk\/index.php?rest_route=%2Fwp%2Fv2%2Ftags&post=392"}],"curies":[{"name":"wp","href":"https:\/\/api.w.org\/{rel}","templated":true}]}}